{"id":7447,"date":"2020-09-15T14:05:00","date_gmt":"2020-09-15T14:05:00","guid":{"rendered":"https:\/\/skan.clients.ideeal.ch\/?p=7447"},"modified":"2021-12-21T08:51:28","modified_gmt":"2021-12-21T08:51:28","slug":"das-waren-die-corona-stories","status":"publish","type":"post","link":"https:\/\/skan.com\/de\/das-waren-die-corona-stories\/","title":{"rendered":"Das waren die Corona-Stories&#8230;"},"content":{"rendered":"<div class=\"g-container\"><div class=\"inner\">\n<p>Mit einem spannenden und vielseitigen Programm ging die&nbsp;Veranstaltung am 09.09.2020 im FHNW Campus Muttenz \u00fcber die B\u00fchne. Die Referate befassten sich mit den unterschiedlichsten Themen:<br>\u2022 Krisenbew\u00e4ltigung auf kantonaler Ebene<br>\u2022 COVID-19&nbsp;im globalen Kontext<br>\u2022 Korrekte Schutzausr\u00fcstung gegen\u00fcber SARS-CoV-2<br>\u2022 Entwicklung und Erforschung des Antik\u00f6rper-Test<br>\u2022 Auswirkungen im Spital<br>\u2022 Impfstoffproduktion<br>\u2022 Erfahrungen aus Lehre &amp; Forschung<br><br>Die Veranstaltung bildete&nbsp;ein Gef\u00e4ss f\u00fcr unterschiedlichste Pandemie-Erfahrungen&nbsp;und wurde so ihrem eigenen Anspruch gerecht.&nbsp;Viele verschiedene L\u00f6sungsans\u00e4tze prallten&nbsp; aufeinander, durch den Dialog erhielten Teilnehmer und Referenten neue Blickwinkel und Perspektiven. Die daraus gezogenen Erkenntnisse helfen die&nbsp;ganz pers\u00f6nlichen Herausforderungen zu meistern.&nbsp;<br><br>Im abschliessenden Diskussionsforum befasste man sich mit L\u00f6sungs-Modellen welche \u00fcber alle Bereiche hinweg zu erkennen sind. So bietet das B\u00fcndeln von Wissen, sowie das Erschaffen von Kollaborationen und Kooperationen viele neue M\u00f6glichkeiten.<br><br>SKAN Pure Solutions bedankt sich beim interessierten Publikum f\u00fcr die Teilnahme und das grosse Engagement in den Diskussionen und Fragerunden.<br>Ebenso ein Dankesch\u00f6n an alle Referenten f\u00fcr die spannenden Einblicke und an die Hochschule f\u00fcr Life Science der FHNW f\u00fcr die partnerschaftliche Organisation des Tages.<\/p>\n<\/div><\/div>\n\n<div class=\"g-container\"><div class=\"inner\">\n<p><a href=\"https:\/\/puresolutions.skan.ch\/de\/skan\/highlights\/ruckblick-coronastories#gallery-carousel-60f16a5af345b\">Previous<\/a><a href=\"https:\/\/puresolutions.skan.ch\/de\/skan\/highlights\/ruckblick-coronastories#gallery-carousel-60f16a5af345b\">Next<\/a><\/p>\n<\/div><\/div>\n\n<div class=\"g-container\"><div class=\"inner\">\n<p>Referate<\/p>\n<\/div><\/div>\n\n<div class=\"g-container\"><div class=\"inner\">\n<p>Nachfolgend die \u00dcbersicht der Referate mit den entsprechenden Pr\u00e4sentationen.<\/p>\n<\/div><\/div>\n\n<div class=\"g-container\"><div class=\"inner\">\n<p><strong>Graphic Recording<\/strong><\/p>\n<\/div><\/div>\n\n<div class=\"g-container\"><div class=\"inner\">\n<p>Alle Vortr\u00e4ge wurden mittels Graphic Recording visuell festgehalten.<\/p>\n<\/div><\/div>\n\n<div class=\"g-container\"><div class=\"inner\">\n<p><a href=\"https:\/\/puresolutions.skan.ch\/highlights\/corona-stories\/graphicrecording_coronastories.pdf\" target=\"_blank\" rel=\"noreferrer noopener\">&nbsp;mehr<\/a><\/p>\n<\/div><\/div>\n\n<div class=\"g-container\"><div class=\"inner\">\n<p><strong>Oberst i Gst Diego Ochsner<\/strong><\/p>\n<\/div><\/div>\n\n<div class=\"g-container\"><div class=\"inner\">\n<p>Koordinierte Ereignisbew\u00e4ltigung im Kanton Solothurn und warum bei Corona pl\u00f6tzlich alles anders ist<\/p>\n<\/div><\/div>\n\n<div class=\"g-container\"><div class=\"inner\">\n<p><a href=\"https:\/\/puresolutions.skan.ch\/highlights\/corona-stories\/referat_coronastories_diegoochsner.pdf\" target=\"_blank\" rel=\"noreferrer noopener\">&nbsp;mehr<\/a><\/p>\n<\/div><\/div>\n\n<div class=\"g-container\"><div class=\"inner\">\n<p><strong>Prof. Dr. J\u00fcrg Utzinger<\/strong><\/p>\n<\/div><\/div>\n\n<div class=\"g-container\"><div class=\"inner\">\n<p>COVID-19 &amp; Swiss TPH: think locally, act globally<\/p>\n<\/div><\/div>\n\n<div class=\"g-container\"><div class=\"inner\">\n<p><a href=\"https:\/\/puresolutions.skan.ch\/highlights\/corona-stories\/referat_coronastories_jutzinger.pdf\" target=\"_blank\" rel=\"noreferrer noopener\">&nbsp;mehr<\/a><\/p>\n<\/div><\/div>\n\n<div class=\"g-container\"><div class=\"inner\">\n<p><strong>Dipl. oec. Guido Maik<\/strong><\/p>\n<\/div><\/div>\n\n<div class=\"g-container\"><div class=\"inner\">\n<p>Biologische Arbeitsstoffe, SARS-CoV-2 &amp; pers\u00f6nliche Schutzausr\u00fcstung &#8211; Lehren, Unwissen und die korrekte Handhabung<\/p>\n<\/div><\/div>\n\n<div class=\"g-container\"><div class=\"inner\">\n<p><a href=\"https:\/\/puresolutions.skan.ch\/highlights\/corona-stories\/referat_coronastories_gmaik.pdf\" target=\"_blank\" rel=\"noreferrer noopener\">&nbsp;mehr<\/a><\/p>\n<\/div><\/div>\n\n<div class=\"g-container\"><div class=\"inner\">\n<p><strong>Dr. Christian-Benedikt Gerhold<\/strong><\/p>\n<\/div><\/div>\n\n<div class=\"g-container\"><div class=\"inner\">\n<p>Der Zacken in der Krone &#8211; Ein Schweizer KMU und der COVID-19 Antik\u00f6rper Test<\/p>\n<\/div><\/div>\n\n<div class=\"g-container\"><div class=\"inner\">\n<p><a href=\"https:\/\/puresolutions.skan.ch\/highlights\/corona-stories\/referat_coronastories_cgerhold.pdf\" target=\"_blank\" rel=\"noreferrer noopener\">&nbsp;mehr<\/a><\/p>\n<\/div><\/div>\n\n<div class=\"g-container\"><div class=\"inner\">\n<p><strong>Marc Dangel, MPH<\/strong><\/p>\n<\/div><\/div>\n\n<div class=\"g-container\"><div class=\"inner\">\n<p>Ein Virus SARS-CoV-2, eine Krankheit COVID-19, Auswirkungen im Spital<\/p>\n<\/div><\/div>\n\n<div class=\"g-container\"><div class=\"inner\">\n<p><a href=\"https:\/\/puresolutions.skan.ch\/highlights\/corona-stories\/referat_coronastories_mdangel.pdf\" target=\"_blank\" rel=\"noreferrer noopener\">&nbsp;mehr<\/a><\/p>\n<\/div><\/div>","protected":false},"excerpt":{"rendered":"<p>Mit einem spannenden und vielseitigen Programm ging die&nbsp;Veranstaltung am 09.09.2020 im FHNW Campus Muttenz \u00fcber die B\u00fchne. Die Referate befassten sich mit den unterschiedlichsten Themen:\u2022 Krisenbew\u00e4ltigung auf kantonaler Ebene\u2022 COVID-19&nbsp;im globalen Kontext\u2022 Korrekte Schutzausr\u00fcstung gegen\u00fcber SARS-CoV-2\u2022 Entwicklung und Erforschung des Antik\u00f6rper-Test\u2022 Auswirkungen im Spital\u2022 Impfstoffproduktion\u2022 Erfahrungen aus Lehre &amp; Forschung Die Veranstaltung bildete&nbsp;ein Gef\u00e4ss f\u00fcr [&hellip;]<\/p>\n","protected":false},"author":3,"featured_media":18485,"comment_status":"open","ping_status":"open","sticky":false,"template":"","format":"standard","meta":{"_acf_changed":false,"inline_featured_image":false,"footnotes":""},"categories":[5],"tags":[],"class_list":["post-7447","post","type-post","status-publish","format-standard","has-post-thumbnail","hentry","category-news"],"acf":[],"yoast_head":"<!-- This site is optimized with the Yoast SEO plugin v26.9 - https:\/\/yoast.com\/product\/yoast-seo-wordpress\/ -->\n<title>Das waren die Corona-Stories... - SKAN<\/title>\n<meta name=\"description\" content=\"Mit einem spannenden und vielseitigen Programm ging die Veranstaltung am 09.09.2020 im FHNW Campus Muttenz \u00fcber die B\u00fchne. Die Referate befassten sich mit den unterschiedlichsten Themen\" \/>\n<meta name=\"robots\" content=\"index, follow, max-snippet:-1, max-image-preview:large, max-video-preview:-1\" \/>\n<link rel=\"canonical\" href=\"https:\/\/skan.com\/de\/das-waren-die-corona-stories\/\" \/>\n<meta property=\"og:locale\" content=\"de_DE\" \/>\n<meta property=\"og:type\" content=\"article\" \/>\n<meta property=\"og:title\" content=\"Das waren die Corona-Stories... - SKAN\" \/>\n<meta property=\"og:description\" content=\"Mit einem spannenden und vielseitigen Programm ging die Veranstaltung am 09.09.2020 im FHNW Campus Muttenz \u00fcber die B\u00fchne. Die Referate befassten sich mit den unterschiedlichsten Themen\" \/>\n<meta property=\"og:url\" content=\"https:\/\/skan.com\/de\/das-waren-die-corona-stories\/\" \/>\n<meta property=\"og:site_name\" content=\"SKAN\" \/>\n<meta property=\"article:published_time\" content=\"2020-09-15T14:05:00+00:00\" \/>\n<meta property=\"article:modified_time\" content=\"2021-12-21T08:51:28+00:00\" \/>\n<meta property=\"og:image\" content=\"https:\/\/skan.com\/wp-content\/uploads\/CoronaStories_18_736px_1000px.jpg\" \/>\n\t<meta property=\"og:image:width\" content=\"736\" \/>\n\t<meta property=\"og:image:height\" content=\"1000\" \/>\n\t<meta property=\"og:image:type\" content=\"image\/jpeg\" \/>\n<meta name=\"author\" content=\"Joanne Pfendler\" \/>\n<meta name=\"twitter:card\" content=\"summary_large_image\" \/>\n<meta name=\"twitter:label1\" content=\"Verfasst von\" \/>\n\t<meta name=\"twitter:data1\" content=\"Joanne Pfendler\" \/>\n\t<meta name=\"twitter:label2\" content=\"Gesch\u00e4tzte Lesezeit\" \/>\n\t<meta name=\"twitter:data2\" content=\"2\u00a0Minuten\" \/>\n<script type=\"application\/ld+json\" class=\"yoast-schema-graph\">{\"@context\":\"https:\/\/schema.org\",\"@graph\":[{\"@type\":\"Article\",\"@id\":\"https:\/\/skan.com\/de\/das-waren-die-corona-stories\/#article\",\"isPartOf\":{\"@id\":\"https:\/\/skan.com\/de\/das-waren-die-corona-stories\/\"},\"author\":{\"name\":\"Joanne Pfendler\",\"@id\":\"https:\/\/skan.com\/de\/#\/schema\/person\/195e4c08f5b2c7df881eb49e0c526185\"},\"headline\":\"Das waren die Corona-Stories&#8230;\",\"datePublished\":\"2020-09-15T14:05:00+00:00\",\"dateModified\":\"2021-12-21T08:51:28+00:00\",\"mainEntityOfPage\":{\"@id\":\"https:\/\/skan.com\/de\/das-waren-die-corona-stories\/\"},\"wordCount\":318,\"commentCount\":0,\"image\":{\"@id\":\"https:\/\/skan.com\/de\/das-waren-die-corona-stories\/#primaryimage\"},\"thumbnailUrl\":\"https:\/\/skan.com\/wp-content\/uploads\/CoronaStories_18_736px_1000px.jpg\",\"articleSection\":[\"News\"],\"inLanguage\":\"de\",\"potentialAction\":[{\"@type\":\"CommentAction\",\"name\":\"Comment\",\"target\":[\"https:\/\/skan.com\/de\/das-waren-die-corona-stories\/#respond\"]}]},{\"@type\":\"WebPage\",\"@id\":\"https:\/\/skan.com\/de\/das-waren-die-corona-stories\/\",\"url\":\"https:\/\/skan.com\/de\/das-waren-die-corona-stories\/\",\"name\":\"Das waren die Corona-Stories... - SKAN\",\"isPartOf\":{\"@id\":\"https:\/\/skan.com\/de\/#website\"},\"primaryImageOfPage\":{\"@id\":\"https:\/\/skan.com\/de\/das-waren-die-corona-stories\/#primaryimage\"},\"image\":{\"@id\":\"https:\/\/skan.com\/de\/das-waren-die-corona-stories\/#primaryimage\"},\"thumbnailUrl\":\"https:\/\/skan.com\/wp-content\/uploads\/CoronaStories_18_736px_1000px.jpg\",\"datePublished\":\"2020-09-15T14:05:00+00:00\",\"dateModified\":\"2021-12-21T08:51:28+00:00\",\"author\":{\"@id\":\"https:\/\/skan.com\/de\/#\/schema\/person\/195e4c08f5b2c7df881eb49e0c526185\"},\"description\":\"Mit einem spannenden und vielseitigen Programm ging die Veranstaltung am 09.09.2020 im FHNW Campus Muttenz \u00fcber die B\u00fchne. Die Referate befassten sich mit den unterschiedlichsten Themen\",\"breadcrumb\":{\"@id\":\"https:\/\/skan.com\/de\/das-waren-die-corona-stories\/#breadcrumb\"},\"inLanguage\":\"de\",\"potentialAction\":[{\"@type\":\"ReadAction\",\"target\":[\"https:\/\/skan.com\/de\/das-waren-die-corona-stories\/\"]}]},{\"@type\":\"ImageObject\",\"inLanguage\":\"de\",\"@id\":\"https:\/\/skan.com\/de\/das-waren-die-corona-stories\/#primaryimage\",\"url\":\"https:\/\/skan.com\/wp-content\/uploads\/CoronaStories_18_736px_1000px.jpg\",\"contentUrl\":\"https:\/\/skan.com\/wp-content\/uploads\/CoronaStories_18_736px_1000px.jpg\",\"width\":736,\"height\":1000},{\"@type\":\"BreadcrumbList\",\"@id\":\"https:\/\/skan.com\/de\/das-waren-die-corona-stories\/#breadcrumb\",\"itemListElement\":[{\"@type\":\"ListItem\",\"position\":1,\"name\":\"Home\",\"item\":\"https:\/\/skan.com\/de\/\"},{\"@type\":\"ListItem\",\"position\":2,\"name\":\"Das waren die Corona-Stories&#8230;\"}]},{\"@type\":\"WebSite\",\"@id\":\"https:\/\/skan.com\/de\/#website\",\"url\":\"https:\/\/skan.com\/de\/\",\"name\":\"SKAN\",\"description\":\"Ihr Partner f\u00fcr Forschungslaboratorien\",\"potentialAction\":[{\"@type\":\"SearchAction\",\"target\":{\"@type\":\"EntryPoint\",\"urlTemplate\":\"https:\/\/skan.com\/de\/?s={search_term_string}\"},\"query-input\":{\"@type\":\"PropertyValueSpecification\",\"valueRequired\":true,\"valueName\":\"search_term_string\"}}],\"inLanguage\":\"de\"},{\"@type\":\"Person\",\"@id\":\"https:\/\/skan.com\/de\/#\/schema\/person\/195e4c08f5b2c7df881eb49e0c526185\",\"name\":\"Joanne Pfendler\",\"image\":{\"@type\":\"ImageObject\",\"inLanguage\":\"de\",\"@id\":\"https:\/\/skan.com\/de\/#\/schema\/person\/image\/\",\"url\":\"https:\/\/skan.com\/wp-content\/plugins\/avatar-privacy\/public\/images\/mystery.svg\",\"contentUrl\":\"https:\/\/skan.com\/wp-content\/plugins\/avatar-privacy\/public\/images\/mystery.svg\",\"caption\":\"Joanne Pfendler\"}}]}<\/script>\n<!-- \/ Yoast SEO plugin. -->","yoast_head_json":{"title":"Das waren die Corona-Stories... - SKAN","description":"Mit einem spannenden und vielseitigen Programm ging die Veranstaltung am 09.09.2020 im FHNW Campus Muttenz \u00fcber die B\u00fchne. Die Referate befassten sich mit den unterschiedlichsten Themen","robots":{"index":"index","follow":"follow","max-snippet":"max-snippet:-1","max-image-preview":"max-image-preview:large","max-video-preview":"max-video-preview:-1"},"canonical":"https:\/\/skan.com\/de\/das-waren-die-corona-stories\/","og_locale":"de_DE","og_type":"article","og_title":"Das waren die Corona-Stories... - SKAN","og_description":"Mit einem spannenden und vielseitigen Programm ging die Veranstaltung am 09.09.2020 im FHNW Campus Muttenz \u00fcber die B\u00fchne. Die Referate befassten sich mit den unterschiedlichsten Themen","og_url":"https:\/\/skan.com\/de\/das-waren-die-corona-stories\/","og_site_name":"SKAN","article_published_time":"2020-09-15T14:05:00+00:00","article_modified_time":"2021-12-21T08:51:28+00:00","og_image":[{"width":736,"height":1000,"url":"https:\/\/skan.com\/wp-content\/uploads\/CoronaStories_18_736px_1000px.jpg","type":"image\/jpeg"}],"author":"Joanne Pfendler","twitter_card":"summary_large_image","twitter_misc":{"Verfasst von":"Joanne Pfendler","Gesch\u00e4tzte Lesezeit":"2\u00a0Minuten"},"schema":{"@context":"https:\/\/schema.org","@graph":[{"@type":"Article","@id":"https:\/\/skan.com\/de\/das-waren-die-corona-stories\/#article","isPartOf":{"@id":"https:\/\/skan.com\/de\/das-waren-die-corona-stories\/"},"author":{"name":"Joanne Pfendler","@id":"https:\/\/skan.com\/de\/#\/schema\/person\/195e4c08f5b2c7df881eb49e0c526185"},"headline":"Das waren die Corona-Stories&#8230;","datePublished":"2020-09-15T14:05:00+00:00","dateModified":"2021-12-21T08:51:28+00:00","mainEntityOfPage":{"@id":"https:\/\/skan.com\/de\/das-waren-die-corona-stories\/"},"wordCount":318,"commentCount":0,"image":{"@id":"https:\/\/skan.com\/de\/das-waren-die-corona-stories\/#primaryimage"},"thumbnailUrl":"https:\/\/skan.com\/wp-content\/uploads\/CoronaStories_18_736px_1000px.jpg","articleSection":["News"],"inLanguage":"de","potentialAction":[{"@type":"CommentAction","name":"Comment","target":["https:\/\/skan.com\/de\/das-waren-die-corona-stories\/#respond"]}]},{"@type":"WebPage","@id":"https:\/\/skan.com\/de\/das-waren-die-corona-stories\/","url":"https:\/\/skan.com\/de\/das-waren-die-corona-stories\/","name":"Das waren die Corona-Stories... - SKAN","isPartOf":{"@id":"https:\/\/skan.com\/de\/#website"},"primaryImageOfPage":{"@id":"https:\/\/skan.com\/de\/das-waren-die-corona-stories\/#primaryimage"},"image":{"@id":"https:\/\/skan.com\/de\/das-waren-die-corona-stories\/#primaryimage"},"thumbnailUrl":"https:\/\/skan.com\/wp-content\/uploads\/CoronaStories_18_736px_1000px.jpg","datePublished":"2020-09-15T14:05:00+00:00","dateModified":"2021-12-21T08:51:28+00:00","author":{"@id":"https:\/\/skan.com\/de\/#\/schema\/person\/195e4c08f5b2c7df881eb49e0c526185"},"description":"Mit einem spannenden und vielseitigen Programm ging die Veranstaltung am 09.09.2020 im FHNW Campus Muttenz \u00fcber die B\u00fchne. Die Referate befassten sich mit den unterschiedlichsten Themen","breadcrumb":{"@id":"https:\/\/skan.com\/de\/das-waren-die-corona-stories\/#breadcrumb"},"inLanguage":"de","potentialAction":[{"@type":"ReadAction","target":["https:\/\/skan.com\/de\/das-waren-die-corona-stories\/"]}]},{"@type":"ImageObject","inLanguage":"de","@id":"https:\/\/skan.com\/de\/das-waren-die-corona-stories\/#primaryimage","url":"https:\/\/skan.com\/wp-content\/uploads\/CoronaStories_18_736px_1000px.jpg","contentUrl":"https:\/\/skan.com\/wp-content\/uploads\/CoronaStories_18_736px_1000px.jpg","width":736,"height":1000},{"@type":"BreadcrumbList","@id":"https:\/\/skan.com\/de\/das-waren-die-corona-stories\/#breadcrumb","itemListElement":[{"@type":"ListItem","position":1,"name":"Home","item":"https:\/\/skan.com\/de\/"},{"@type":"ListItem","position":2,"name":"Das waren die Corona-Stories&#8230;"}]},{"@type":"WebSite","@id":"https:\/\/skan.com\/de\/#website","url":"https:\/\/skan.com\/de\/","name":"SKAN","description":"Ihr Partner f\u00fcr Forschungslaboratorien","potentialAction":[{"@type":"SearchAction","target":{"@type":"EntryPoint","urlTemplate":"https:\/\/skan.com\/de\/?s={search_term_string}"},"query-input":{"@type":"PropertyValueSpecification","valueRequired":true,"valueName":"search_term_string"}}],"inLanguage":"de"},{"@type":"Person","@id":"https:\/\/skan.com\/de\/#\/schema\/person\/195e4c08f5b2c7df881eb49e0c526185","name":"Joanne Pfendler","image":{"@type":"ImageObject","inLanguage":"de","@id":"https:\/\/skan.com\/de\/#\/schema\/person\/image\/","url":"https:\/\/skan.com\/wp-content\/plugins\/avatar-privacy\/public\/images\/mystery.svg","contentUrl":"https:\/\/skan.com\/wp-content\/plugins\/avatar-privacy\/public\/images\/mystery.svg","caption":"Joanne Pfendler"}}]}},"_links":{"self":[{"href":"https:\/\/skan.com\/de\/wp-json\/wp\/v2\/posts\/7447","targetHints":{"allow":["GET"]}}],"collection":[{"href":"https:\/\/skan.com\/de\/wp-json\/wp\/v2\/posts"}],"about":[{"href":"https:\/\/skan.com\/de\/wp-json\/wp\/v2\/types\/post"}],"author":[{"embeddable":true,"href":"https:\/\/skan.com\/de\/wp-json\/wp\/v2\/users\/3"}],"replies":[{"embeddable":true,"href":"https:\/\/skan.com\/de\/wp-json\/wp\/v2\/comments?post=7447"}],"version-history":[{"count":1,"href":"https:\/\/skan.com\/de\/wp-json\/wp\/v2\/posts\/7447\/revisions"}],"predecessor-version":[{"id":7451,"href":"https:\/\/skan.com\/de\/wp-json\/wp\/v2\/posts\/7447\/revisions\/7451"}],"wp:featuredmedia":[{"embeddable":true,"href":"https:\/\/skan.com\/de\/wp-json\/wp\/v2\/media\/18485"}],"wp:attachment":[{"href":"https:\/\/skan.com\/de\/wp-json\/wp\/v2\/media?parent=7447"}],"wp:term":[{"taxonomy":"category","embeddable":true,"href":"https:\/\/skan.com\/de\/wp-json\/wp\/v2\/categories?post=7447"},{"taxonomy":"post_tag","embeddable":true,"href":"https:\/\/skan.com\/de\/wp-json\/wp\/v2\/tags?post=7447"}],"curies":[{"name":"wp","href":"https:\/\/api.w.org\/{rel}","templated":true}]}}